{"id":521,"date":"2021-05-15T11:08:20","date_gmt":"2021-05-15T09:08:20","guid":{"rendered":"http:\/\/projets.lyceefloratristan77.com\/?p=521"},"modified":"2021-05-15T11:52:00","modified_gmt":"2021-05-15T09:52:00","slug":"je-mengage-au-service","status":"publish","type":"post","link":"http:\/\/projets.lyceefloratristan77.com\/index.php\/2021\/05\/15\/je-mengage-au-service\/","title":{"rendered":"Je m&rsquo;engage au service de &#8230;"},"content":{"rendered":"\n<p class=\"has-text-align-center\"><strong>Chapitre I : Je m\u2019engage au service de la d\u00e9fense des valeurs r\u00e9publicaines<\/strong><br><strong><em>Un point, c\u2019est tout !!<\/em><\/strong><\/p>\n\n\n\n<p>2021 a \u00e9t\u00e9 une ann\u00e9e riche pour la classe de premi\u00e8re baccalaur\u00e9at professionnel M\u00e9tiers du Cuir et de la Maroquinerie du lyc\u00e9e Flora Tristan.<br>Le point de d\u00e9part de leur aventure&nbsp;: une s\u00e9quence curieuse et originale de co-intervention m\u00ealant enseignement professionnel et fran\u00e7ais, intitul\u00e9e <em>Un point, c\u2019est tout&nbsp;!<\/em> Les \u00e9l\u00e8ves ne se doutaient pas alors du chemin sur lequel ce projet allait les conduire et sur lequel elles se sont pleinement \u00ab&nbsp;engag\u00e9es&nbsp;\u00bb (entre guillemets car il faut y voir ici un double sens).<\/p>\n\n\n\n<p><em>Un point, c\u2019est tout&nbsp;!<\/em> est une s\u00e9quence p\u00e9dagogique construite dans le cadre de l\u2019objet d\u2019\u00e9tude&nbsp;: <em>Cr\u00e9er, fabriquer&nbsp;: l\u2019invention et l\u2019imaginaire<\/em> autour d\u2019une articulation commune au travail du cuir et au travail de la langue, \u00e0 savoir le point ! Point de sellerie, point d\u2019interrogation, point-virgule, \u2026<\/p>\n\n\n\n<p>Ce travail avait pour premier objectif d\u2019amener les \u00e9l\u00e8ves \u00e0 r\u00e9pondre \u00e0 la situation professionnelle suivante&nbsp;: \u00ab&nbsp;La mairie de Montereau vous demande de cr\u00e9er une s\u00e9rie de cadres en cuir qui seront expos\u00e9s dans la salle du Conseil municipal et qui pr\u00e9senteront des po\u00e8mes construits autour de la ponctuation et d\u00e9fendant les valeurs de la R\u00e9publique. La mairie exige que ces cadres illustrent parfaitement ces po\u00e8mes. Vous serez amen\u00e9e \u00e0 justifier oralement vos choix au sein d\u2019une s\u00e9ance du Conseil municipal.&nbsp;\u00bb Mais il en cachait bien d\u2019autres \u2026<\/p>\n\n\n\n<p>Apr\u00e8s quelques activit\u00e9s autour de la ponctuation et l\u2019\u00e9tude des divers points que l\u2019on utilise sur le cuir ainsi que sur leurs effets que ce soit dans un texte ou sur une pi\u00e8ce, elles ont \u00e9tudi\u00e9 un po\u00e8me o\u00f9 n\u2019apparaissait qu\u2019un unique point, le point final. Il s\u2019agissait du c\u00e9l\u00e8bre po\u00e8me de Paul Eluard intitul\u00e9 <em>Libert\u00e9<\/em>.<\/p>\n\n\n\n<p>Son analyse leur a permis de prendre conscience de l\u2019importance de contextualiser une \u0153uvre, de donner du sens \u00e0 la ponctuation et \u00e0 son absence, de d\u00e9finir et d\u2019expliquer ce que sont des valeurs et de mieux comprendre celles de la France. Il les a amen\u00e9es \u00e0 r\u00e9fl\u00e9chir sur les grands principes de notre R\u00e9publique, et notamment sur la la\u00efcit\u00e9. Les \u00e9l\u00e8ves y ont \u00e9galement compris ce que veut dire \u00ab&nbsp;<strong>R\u00e9sister&nbsp;\u00bb<\/strong> et donc <strong>\u00ab&nbsp;S\u2019engager&nbsp;\u00bb<\/strong>.<\/p>\n\n\n\n<p>Elles ont ensuite \u00e9tudi\u00e9 et appris par c\u0153ur <em>Ponctuation<\/em> de Maurice Car\u00eame qu\u2019elles ont r\u00e9cit\u00e9 devant le groupe classe afin de se perfectionner \u00e0 l\u2019oral.<\/p>\n\n\n\n<p>Puis, \u00e0 l\u2019instar d\u2019Eluard, elles ont travaill\u00e9 sur les diff\u00e9rentes techniques de fabrication d\u2019une pi\u00e8ce en cuir sans utiliser de point et sur les effets cr\u00e9atifs amen\u00e9s par cette absence de couture.<\/p>\n\n\n\n<p>Il ne leur restait plus alors qu\u2019\u00e0 se lancer dans un double travail de cr\u00e9ation artistique. Elles ont r\u00e9investi tout ce qu\u2019elles avaient appris au cours de cette s\u00e9quence en imaginant des po\u00e8mes en lien avec la ponctuation et les valeurs de la R\u00e9publique ainsi qu\u2019en fabriquant, conform\u00e9ment \u00e0 la situation professionnelle de d\u00e9part, des cadres en cuir aux couleurs de la R\u00e9publique, par\u00e9s de nombreuses d\u00e9corations comme des signes de ponctuation, des drapeaux, des bonnets phrygiens, des \u00ab&nbsp;RP&nbsp;\u00bb pour \u00ab&nbsp;R\u00e9publique fran\u00e7aise&nbsp;\u00bb ou encore des \u00ab&nbsp;PR&nbsp;\u00bb pour \u00ab&nbsp;Ponctuation r\u00e9publicaine&nbsp;\u00bb.<\/p>\n\n\n<div class=\"su-image-carousel  su-image-carousel-has-spacing su-image-carousel-has-outline su-image-carousel-adaptive su-image-carousel-slides-style-photo su-image-carousel-controls-style-dark su-image-carousel-align-center\" style=\"max-width:550px\" data-flickity-options='{\"groupCells\":true,\"cellSelector\":\".su-image-carousel-item\",\"adaptiveHeight\":true,\"cellAlign\":\"left\",\"prevNextButtons\":true,\"pageDots\":true,\"autoPlay\":5000,\"imagesLoaded\":true,\"contain\":false,\"selectedAttraction\":0.025,\"friction\":0.28}' id=\"su_image_carousel_69f50df807c3e\"><div class=\"su-image-carousel-item\"><div class=\"su-image-carousel-item-content\"><img width=\"774\" height=\"424\" src=\"http:\/\/projets.lyceefloratristan77.com\/wp-content\/uploads\/2021\/05\/poeme_delal.jpg\" class=\"\" alt=\"\" loading=\"lazy\" srcset=\"http:\/\/projets.lyceefloratristan77.com\/wp-content\/uploads\/2021\/05\/poeme_delal.jpg 774w, http:\/\/projets.lyceefloratristan77.com\/wp-content\/uploads\/2021\/05\/poeme_delal-300x164.jpg 300w, http:\/\/projets.lyceefloratristan77.com\/wp-content\/uploads\/2021\/05\/poeme_delal-768x421.jpg 768w\" sizes=\"(max-width: 774px) 100vw, 774px\" \/><\/div><\/div><div class=\"su-image-carousel-item\"><div class=\"su-image-carousel-item-content\"><img width=\"798\" height=\"364\" src=\"http:\/\/projets.lyceefloratristan77.com\/wp-content\/uploads\/2021\/05\/poeme_lea.jpg\" class=\"\" alt=\"\" loading=\"lazy\" srcset=\"http:\/\/projets.lyceefloratristan77.com\/wp-content\/uploads\/2021\/05\/poeme_lea.jpg 798w, http:\/\/projets.lyceefloratristan77.com\/wp-content\/uploads\/2021\/05\/poeme_lea-300x137.jpg 300w, http:\/\/projets.lyceefloratristan77.com\/wp-content\/uploads\/2021\/05\/poeme_lea-768x350.jpg 768w\" sizes=\"(max-width: 798px) 100vw, 798px\" \/><\/div><\/div><div class=\"su-image-carousel-item\"><div class=\"su-image-carousel-item-content\"><img width=\"641\" height=\"524\" src=\"http:\/\/projets.lyceefloratristan77.com\/wp-content\/uploads\/2021\/05\/poeme_leaB.jpg\" class=\"\" alt=\"\" loading=\"lazy\" srcset=\"http:\/\/projets.lyceefloratristan77.com\/wp-content\/uploads\/2021\/05\/poeme_leaB.jpg 641w, http:\/\/projets.lyceefloratristan77.com\/wp-content\/uploads\/2021\/05\/poeme_leaB-300x245.jpg 300w\" sizes=\"(max-width: 641px) 100vw, 641px\" \/><\/div><\/div><div class=\"su-image-carousel-item\"><div class=\"su-image-carousel-item-content\"><img width=\"704\" height=\"486\" src=\"http:\/\/projets.lyceefloratristan77.com\/wp-content\/uploads\/2021\/05\/poeme_manon.jpg\" class=\"\" alt=\"\" loading=\"lazy\" srcset=\"http:\/\/projets.lyceefloratristan77.com\/wp-content\/uploads\/2021\/05\/poeme_manon.jpg 704w, http:\/\/projets.lyceefloratristan77.com\/wp-content\/uploads\/2021\/05\/poeme_manon-300x207.jpg 300w\" sizes=\"(max-width: 704px) 100vw, 704px\" \/><\/div><\/div><div class=\"su-image-carousel-item\"><div class=\"su-image-carousel-item-content\"><img width=\"705\" height=\"569\" src=\"http:\/\/projets.lyceefloratristan77.com\/wp-content\/uploads\/2021\/05\/poeme_margaux.jpg\" class=\"\" alt=\"\" loading=\"lazy\" srcset=\"http:\/\/projets.lyceefloratristan77.com\/wp-content\/uploads\/2021\/05\/poeme_margaux.jpg 705w, http:\/\/projets.lyceefloratristan77.com\/wp-content\/uploads\/2021\/05\/poeme_margaux-300x242.jpg 300w\" sizes=\"(max-width: 705px) 100vw, 705px\" \/><\/div><\/div><div class=\"su-image-carousel-item\"><div class=\"su-image-carousel-item-content\"><img width=\"661\" height=\"468\" src=\"http:\/\/projets.lyceefloratristan77.com\/wp-content\/uploads\/2021\/05\/poeme_marielle.jpg\" class=\"\" alt=\"\" loading=\"lazy\" srcset=\"http:\/\/projets.lyceefloratristan77.com\/wp-content\/uploads\/2021\/05\/poeme_marielle.jpg 661w, http:\/\/projets.lyceefloratristan77.com\/wp-content\/uploads\/2021\/05\/poeme_marielle-300x212.jpg 300w\" sizes=\"(max-width: 661px) 100vw, 661px\" \/><\/div><\/div><div class=\"su-image-carousel-item\"><div class=\"su-image-carousel-item-content\"><img width=\"746\" height=\"413\" src=\"http:\/\/projets.lyceefloratristan77.com\/wp-content\/uploads\/2021\/05\/poeme_phaina.jpg\" class=\"\" alt=\"\" loading=\"lazy\" srcset=\"http:\/\/projets.lyceefloratristan77.com\/wp-content\/uploads\/2021\/05\/poeme_phaina.jpg 746w, http:\/\/projets.lyceefloratristan77.com\/wp-content\/uploads\/2021\/05\/poeme_phaina-300x166.jpg 300w\" sizes=\"(max-width: 746px) 100vw, 746px\" \/><\/div><\/div><\/div><script id=\"su_image_carousel_69f50df807c3e_script\">if(window.SUImageCarousel){setTimeout(function() {window.SUImageCarousel.initGallery(document.getElementById(\"su_image_carousel_69f50df807c3e\"))}, 0);}var su_image_carousel_69f50df807c3e_script=document.getElementById(\"su_image_carousel_69f50df807c3e_script\");if(su_image_carousel_69f50df807c3e_script){su_image_carousel_69f50df807c3e_script.parentNode.removeChild(su_image_carousel_69f50df807c3e_script);}<\/script>\n\n\n\n<p>Voici quelques photos prises au cours de la fabrication des cadres :<\/p>\n\n\n<div class=\"su-image-carousel  su-image-carousel-has-spacing su-image-carousel-has-outline su-image-carousel-adaptive su-image-carousel-slides-style-photo su-image-carousel-controls-style-dark su-image-carousel-align-center\" style=\"max-width:350px\" data-flickity-options='{\"groupCells\":true,\"cellSelector\":\".su-image-carousel-item\",\"adaptiveHeight\":true,\"cellAlign\":\"left\",\"prevNextButtons\":true,\"pageDots\":true,\"autoPlay\":5000,\"imagesLoaded\":true,\"contain\":false,\"selectedAttraction\":0.025,\"friction\":0.28}' id=\"su_image_carousel_69f50df8087f2\"><div class=\"su-image-carousel-item\"><div class=\"su-image-carousel-item-content\"><img width=\"215\" height=\"161\" src=\"http:\/\/projets.lyceefloratristan77.com\/wp-content\/uploads\/2021\/05\/imgPoeme4.png\" class=\"\" alt=\"\" loading=\"lazy\" \/><\/div><\/div><div class=\"su-image-carousel-item\"><div class=\"su-image-carousel-item-content\"><img width=\"232\" height=\"175\" src=\"http:\/\/projets.lyceefloratristan77.com\/wp-content\/uploads\/2021\/05\/imgPoeme3.png\" class=\"\" alt=\"\" loading=\"lazy\" \/><\/div><\/div><div class=\"su-image-carousel-item\"><div class=\"su-image-carousel-item-content\"><img width=\"164\" height=\"182\" src=\"http:\/\/projets.lyceefloratristan77.com\/wp-content\/uploads\/2021\/05\/imgPoeme2.png\" class=\"\" alt=\"\" loading=\"lazy\" \/><\/div><\/div><div class=\"su-image-carousel-item\"><div class=\"su-image-carousel-item-content\"><img width=\"148\" height=\"186\" src=\"http:\/\/projets.lyceefloratristan77.com\/wp-content\/uploads\/2021\/05\/imgPoeme1.png\" class=\"\" alt=\"\" loading=\"lazy\" \/><\/div><\/div><div class=\"su-image-carousel-item\"><div class=\"su-image-carousel-item-content\"><img width=\"286\" height=\"333\" src=\"http:\/\/projets.lyceefloratristan77.com\/wp-content\/uploads\/2021\/05\/cadre-proviseur.png\" class=\"\" alt=\"\" loading=\"lazy\" srcset=\"http:\/\/projets.lyceefloratristan77.com\/wp-content\/uploads\/2021\/05\/cadre-proviseur.png 286w, http:\/\/projets.lyceefloratristan77.com\/wp-content\/uploads\/2021\/05\/cadre-proviseur-258x300.png 258w\" sizes=\"(max-width: 286px) 100vw, 286px\" \/><\/div><\/div><div class=\"su-image-carousel-item\"><div class=\"su-image-carousel-item-content\"><img width=\"226\" height=\"225\" src=\"http:\/\/projets.lyceefloratristan77.com\/wp-content\/uploads\/2021\/05\/poemes2_5.png\" class=\"\" alt=\"\" loading=\"lazy\" srcset=\"http:\/\/projets.lyceefloratristan77.com\/wp-content\/uploads\/2021\/05\/poemes2_5.png 226w, http:\/\/projets.lyceefloratristan77.com\/wp-content\/uploads\/2021\/05\/poemes2_5-150x150.png 150w\" sizes=\"(max-width: 226px) 100vw, 226px\" \/><\/div><\/div><div class=\"su-image-carousel-item\"><div class=\"su-image-carousel-item-content\"><img width=\"231\" height=\"228\" src=\"http:\/\/projets.lyceefloratristan77.com\/wp-content\/uploads\/2021\/05\/poemes2_4.png\" class=\"\" alt=\"\" loading=\"lazy\" \/><\/div><\/div><div class=\"su-image-carousel-item\"><div class=\"su-image-carousel-item-content\"><img width=\"166\" height=\"231\" src=\"http:\/\/projets.lyceefloratristan77.com\/wp-content\/uploads\/2021\/05\/poemes2_3.png\" class=\"\" alt=\"\" loading=\"lazy\" \/><\/div><\/div><div class=\"su-image-carousel-item\"><div class=\"su-image-carousel-item-content\"><img width=\"208\" height=\"214\" src=\"http:\/\/projets.lyceefloratristan77.com\/wp-content\/uploads\/2021\/05\/poemes2_2.png\" class=\"\" alt=\"\" loading=\"lazy\" \/><\/div><\/div><div class=\"su-image-carousel-item\"><div class=\"su-image-carousel-item-content\"><img width=\"144\" height=\"251\" src=\"http:\/\/projets.lyceefloratristan77.com\/wp-content\/uploads\/2021\/05\/poemes2_1.png\" class=\"\" alt=\"\" loading=\"lazy\" \/><\/div><\/div><\/div><script id=\"su_image_carousel_69f50df8087f2_script\">if(window.SUImageCarousel){setTimeout(function() {window.SUImageCarousel.initGallery(document.getElementById(\"su_image_carousel_69f50df8087f2\"))}, 0);}var su_image_carousel_69f50df8087f2_script=document.getElementById(\"su_image_carousel_69f50df8087f2_script\");if(su_image_carousel_69f50df8087f2_script){su_image_carousel_69f50df8087f2_script.parentNode.removeChild(su_image_carousel_69f50df8087f2_script);}<\/script>\n\n\n\n<p>Puis arriva le 9 d\u00e9cembre 2020, jour du 115e anniversaire de la la\u00efcit\u00e9. Ayant compris son importance et sa n\u00e9cessit\u00e9, c&rsquo;est sans aucune h\u00e9sitation que les \u00e9l\u00e8ves ont \u00e9crit de mani\u00e8re collective un petit po\u00e8me en vers libres, bien s\u00fbr, en hommage \u00e0 cette valeur et principe si indispensable \u00e0 notre R\u00e9publique et au bien-vivre ensemble.<\/p>\n\n\n\n<div class=\"wp-block-image\"><figure class=\"aligncenter size-large is-resized\"><img loading=\"lazy\" src=\"https:\/\/lyceefloratristan77.com\/wp-content\/uploads\/2021\/05\/laicite1MCM.jpg\" alt=\"\" class=\"wp-image-4548\" width=\"587\" height=\"530\"\/><\/figure><\/div>\n\n\n\n<p>Elles ont d\u00e9cid\u00e9, afin de le mettre en valeur et de le prot\u00e9ger pour les g\u00e9n\u00e9rations futures, de le placer sous l\u2019un de leur cadre bleu, blanc et rouge, cadre qu\u2019elles ont aussi fabriqu\u00e9 de mani\u00e8re collective.<\/p>\n\n\n\n<div class=\"wp-block-image is-style-rounded\"><figure class=\"aligncenter size-medium\"><img src=\"https:\/\/lyceefloratristan77.com\/wp-content\/uploads\/2021\/05\/cadre-proviseur-1-258x300.png\" alt=\"\" class=\"wp-image-4575\"\/><\/figure><\/div>\n\n\n\n<p>Ce cadre est aujourd\u2019hui accroch\u00e9 dans le bureau du Proviseur afin de rappeler \u00e0 tous l\u2019importance de la la\u00efcit\u00e9 et l\u2019obligation de chacun \u00e0 la respecter au sein des \u00e9tablissements scolaires.<\/p>\n\n\n\n<p>Mais ce n\u2019est pas tout\u2026<\/p>\n\n\n\n<p>Cette aventure construite autour d\u2019un engagement au service de la d\u00e9fense des valeurs r\u00e9publicaines n\u00e9e d\u2019une simple s\u00e9quence de co-intervention autour du point s\u2019est approfondie en prenant une nouvelle forme lui permettant une plus large diffusion.<\/p>\n\n\n\n<p>Les \u00e9l\u00e8ves ont, en effet, choisi afin de mettre bien \u00e9videmment en valeur leur \u00e9tablissement, leur fili\u00e8re et leurs savoir-faire ainsi que pour r\u00e9investir ce qu\u2019elles avaient appris sur la prise de parole de s\u2019inscrire au concours \u00ab&nbsp;<em>Je filme ma formation<\/em>&nbsp;\u00bb o\u00f9 elles ont r\u00e9alis\u00e9 une vid\u00e9o dans laquelle elles ont, entre autres, pr\u00e9sent\u00e9 diverses \u00e9tapes de fabrication des cadres en cuir, symboles de nos valeurs.<\/p>\n\n\n\n<p>Vous pouvez retrouver cette vid\u00e9o en cliquant sur<a href=\"https:\/\/www.parcoursmetiers.tv\/video\/11357-les-cuirasses-de-flora-tristan?fbclid=IwAR0wyS6wbATnC5nI38MRT0dR7p1RVrKx00oOYjuVLKAiqbVUjlO_I2b7sBY#likeModal\" target=\"_blank\" rel=\"noreferrer noopener\"> ce lien<\/a>.<\/p>\n\n\n\n<p>Fortes de cette premi\u00e8re exp\u00e9rience autour de l\u2019engagement citoyen, les \u00e9l\u00e8ves ont choisi de continuer \u00e0 d\u00e9fendre nos valeurs autour d\u2019une nouvelle s\u00e9quence de co-intervention en lien avec l\u2019objet d\u2019\u00e9tude&nbsp;de fran\u00e7ais: <em>Lire et suivre un personnage : itin\u00e9raires romanesques<\/em> centr\u00e9 sur l\u2019\u00e9galit\u00e9 et plus pr\u00e9cis\u00e9ment l\u2019\u00e9galit\u00e9 femme-homme.<\/p>\n\n\n\n<p class=\"has-text-align-right\"><strong>Un tr\u00e8s grand bravo \u00e0 toutes les \u00e9l\u00e8ves de 1MCM pour leurs engagements !<\/strong><\/p>\n","protected":false},"excerpt":{"rendered":"<p>Chapitre I : Je m\u2019engage au service de la d\u00e9fense des valeurs r\u00e9publicainesUn point, c\u2019est tout !! 2021 a \u00e9t\u00e9 une ann\u00e9e riche pour la classe de premi\u00e8re baccalaur\u00e9at professionnel M\u00e9tiers du Cuir et de la Maroquinerie du lyc\u00e9e Flora Tristan.Le point de d\u00e9part de leur aventure&nbsp;: une s\u00e9quence curieuse et originale de co-intervention m\u00ealant [&hellip;]<\/p>\n","protected":false},"author":1,"featured_media":528,"comment_status":"closed","ping_status":"open","sticky":false,"template":"","format":"standard","meta":{"ocean_post_layout":"","ocean_both_sidebars_style":"","ocean_both_sidebars_content_width":0,"ocean_both_sidebars_sidebars_width":0,"ocean_sidebar":"0","ocean_second_sidebar":"0","ocean_disable_margins":"enable","ocean_add_body_class":"","ocean_shortcode_before_top_bar":"","ocean_shortcode_after_top_bar":"","ocean_shortcode_before_header":"","ocean_shortcode_after_header":"","ocean_has_shortcode":"","ocean_shortcode_after_title":"","ocean_shortcode_before_footer_widgets":"","ocean_shortcode_after_footer_widgets":"","ocean_shortcode_before_footer_bottom":"","ocean_shortcode_after_footer_bottom":"","ocean_display_top_bar":"default","ocean_display_header":"default","ocean_header_style":"","ocean_center_header_left_menu":"0","ocean_custom_header_template":"0","ocean_custom_logo":0,"ocean_custom_retina_logo":0,"ocean_custom_logo_max_width":0,"ocean_custom_logo_tablet_max_width":0,"ocean_custom_logo_mobile_max_width":0,"ocean_custom_logo_max_height":0,"ocean_custom_logo_tablet_max_height":0,"ocean_custom_logo_mobile_max_height":0,"ocean_header_custom_menu":"0","ocean_menu_typo_font_family":"0","ocean_menu_typo_font_subset":"","ocean_menu_typo_font_size":0,"ocean_menu_typo_font_size_tablet":0,"ocean_menu_typo_font_size_mobile":0,"ocean_menu_typo_font_size_unit":"px","ocean_menu_typo_font_weight":"","ocean_menu_typo_font_weight_tablet":"","ocean_menu_typo_font_weight_mobile":"","ocean_menu_typo_transform":"","ocean_menu_typo_transform_tablet":"","ocean_menu_typo_transform_mobile":"","ocean_menu_typo_line_height":0,"ocean_menu_typo_line_height_tablet":0,"ocean_menu_typo_line_height_mobile":0,"ocean_menu_typo_line_height_unit":"","ocean_menu_typo_spacing":0,"ocean_menu_typo_spacing_tablet":0,"ocean_menu_typo_spacing_mobile":0,"ocean_menu_typo_spacing_unit":"","ocean_menu_link_color":"","ocean_menu_link_color_hover":"","ocean_menu_link_color_active":"","ocean_menu_link_background":"","ocean_menu_link_hover_background":"","ocean_menu_link_active_background":"","ocean_menu_social_links_bg":"","ocean_menu_social_hover_links_bg":"","ocean_menu_social_links_color":"","ocean_menu_social_hover_links_color":"","ocean_disable_title":"default","ocean_disable_heading":"default","ocean_post_title":"","ocean_post_subheading":"","ocean_post_title_style":"","ocean_post_title_background_color":"","ocean_post_title_background":0,"ocean_post_title_bg_image_position":"","ocean_post_title_bg_image_attachment":"","ocean_post_title_bg_image_repeat":"","ocean_post_title_bg_image_size":"","ocean_post_title_height":0,"ocean_post_title_bg_overlay":0.5,"ocean_post_title_bg_overlay_color":"","ocean_disable_breadcrumbs":"default","ocean_breadcrumbs_color":"","ocean_breadcrumbs_separator_color":"","ocean_breadcrumbs_links_color":"","ocean_breadcrumbs_links_hover_color":"","ocean_display_footer_widgets":"default","ocean_display_footer_bottom":"default","ocean_custom_footer_template":"0","ocean_post_oembed":"","ocean_post_self_hosted_media":"","ocean_post_video_embed":"","ocean_link_format":"","ocean_link_format_target":"self","ocean_quote_format":"","ocean_quote_format_link":"post","ocean_gallery_link_images":"off","ocean_gallery_id":[]},"categories":[18],"tags":[],"jetpack_featured_media_url":"http:\/\/projets.lyceefloratristan77.com\/wp-content\/uploads\/2021\/05\/cadre-proviseur.png","_links":{"self":[{"href":"http:\/\/projets.lyceefloratristan77.com\/index.php\/wp-json\/wp\/v2\/posts\/521"}],"collection":[{"href":"http:\/\/projets.lyceefloratristan77.com\/index.php\/wp-json\/wp\/v2\/posts"}],"about":[{"href":"http:\/\/projets.lyceefloratristan77.com\/index.php\/wp-json\/wp\/v2\/types\/post"}],"author":[{"embeddable":true,"href":"http:\/\/projets.lyceefloratristan77.com\/index.php\/wp-json\/wp\/v2\/users\/1"}],"replies":[{"embeddable":true,"href":"http:\/\/projets.lyceefloratristan77.com\/index.php\/wp-json\/wp\/v2\/comments?post=521"}],"version-history":[{"count":5,"href":"http:\/\/projets.lyceefloratristan77.com\/index.php\/wp-json\/wp\/v2\/posts\/521\/revisions"}],"predecessor-version":[{"id":546,"href":"http:\/\/projets.lyceefloratristan77.com\/index.php\/wp-json\/wp\/v2\/posts\/521\/revisions\/546"}],"wp:featuredmedia":[{"embeddable":true,"href":"http:\/\/projets.lyceefloratristan77.com\/index.php\/wp-json\/wp\/v2\/media\/528"}],"wp:attachment":[{"href":"http:\/\/projets.lyceefloratristan77.com\/index.php\/wp-json\/wp\/v2\/media?parent=521"}],"wp:term":[{"taxonomy":"category","embeddable":true,"href":"http:\/\/projets.lyceefloratristan77.com\/index.php\/wp-json\/wp\/v2\/categories?post=521"},{"taxonomy":"post_tag","embeddable":true,"href":"http:\/\/projets.lyceefloratristan77.com\/index.php\/wp-json\/wp\/v2\/tags?post=521"}],"curies":[{"name":"wp","href":"https:\/\/api.w.org\/{rel}","templated":true}]}}